{"id":1089,"date":"2013-04-03T12:34:21","date_gmt":"2013-04-03T16:34:21","guid":{"rendered":"http:\/\/renard.effetdesurprise.qc.ca\/?p=1089"},"modified":"2017-08-08T10:44:06","modified_gmt":"2017-08-08T14:44:06","slug":"le-mot-competence-en-technicolor","status":"publish","type":"post","link":"https:\/\/renard.effetdesurprise.qc.ca\/?p=1089","title":{"rendered":"Le mot <em>comp\u00e9tence<\/em>&#8230; en technicolor"},"content":{"rendered":"<h5 style=\"text-align: right;\">\u00ab&#8230;\u00a0<em>la cl\u00e9 de vo\u00fbte devrait \u00eatre l\u2019incertitude, vue comme un principe d\u2019ordonnancement des pratiques p\u00e9dagogiques visant \u00e0 donner des cl\u00e9s de compr\u00e9hension et d\u2019action pour mener une recherche d\u2019information dans un environnement complexe.<\/em>\u00bb<sup>1<\/sup><br \/>\nAnne Cordier<\/h5>\n<p style=\"text-align: justify;\"><a href=\"http:\/\/renard.effetdesurprise.qc.ca\/wp-content\/uploads\/2010\/11\/communaute_apprenants.jpg\"><img decoding=\"async\" loading=\"lazy\" class=\"alignleft size-full wp-image-40\" style=\"margin: 4px 2px;\" title=\"communaute_apprenants\" src=\"http:\/\/renard.effetdesurprise.qc.ca\/wp-content\/uploads\/2010\/11\/communaute_apprenants.jpg\" alt=\"\" width=\"70\" height=\"64\" \/><\/a><\/p>\n<p style=\"text-align: justify;\">Il y a quelques jours, <a href=\"http:\/\/www.radio-canada.ca\/audio-video\/pop.shtml#urlMedia=http:\/\/www.radio-canada.ca\/Medianet\/2013\/CBF\/MediumLarge201303290906_3.asx\" target=\"_blank\" rel=\"noopener\">j&rsquo;\u00e9coutais les propos<\/a> (\u00e0 6:00 sur la plage de lecture)\u00a0du docteur\u00a0<a href=\"http:\/\/fr.wikipedia.org\/wiki\/Martin_Winckler\" target=\"_blank\" rel=\"noopener\">Marc Zaffran<\/a><sup>2<\/sup> MD,\u00a0\u00e0 l&rsquo;\u00e9mission <em><a href=\"http:\/\/www.radio-canada.ca\/emissions\/medium_large\/2012-2013\/chronique.asp?idChronique=283193\">M\u00e9dium large<\/a><\/em>, anim\u00e9e par Catherine Perrin.\u00a0Il r\u00e9fl\u00e9chissait tout haut sur la responsabilit\u00e9 professionnelle d&rsquo;un m\u00e9decin (en lien avec la prescription de m\u00e9dicaments). Je n&rsquo;ai pu m&#8217;emp\u00eacher de faire des liens avec le m\u00e9tier d&rsquo;enseignant puis, avec\u00a0 les six chapeaux d&rsquo;<a href=\"http:\/\/fr.wikipedia.org\/wiki\/Edward_de_Bono\" target=\"_blank\" rel=\"noopener\">Edward de Bono<\/a> .<!--more--><\/p>\n<p style=\"text-align: justify;\">Voici donc, en r\u00e9sum\u00e9, ce que j&rsquo;ai retenu des propos du docteur Zaffran :<\/p>\n<div id=\"attachment_1118\" style=\"width: 130px\" class=\"wp-caption alignright\"><a href=\"http:\/\/renard.effetdesurprise.qc.ca\/wp-content\/uploads\/2013\/03\/MartinWinckler.jpg\"><img aria-describedby=\"caption-attachment-1118\" decoding=\"async\" loading=\"lazy\" class=\"size-medium wp-image-1118 \" title=\"MartinWinckler\" src=\"http:\/\/renard.effetdesurprise.qc.ca\/wp-content\/uploads\/2013\/03\/MartinWinckler-200x300.jpg\" alt=\"\" width=\"120\" height=\"180\" srcset=\"https:\/\/renard.effetdesurprise.qc.ca\/wp-content\/uploads\/2013\/03\/MartinWinckler-200x300.jpg 200w, https:\/\/renard.effetdesurprise.qc.ca\/wp-content\/uploads\/2013\/03\/MartinWinckler.jpg 535w\" sizes=\"(max-width: 120px) 100vw, 120px\" \/><\/a><p id=\"caption-attachment-1118\" class=\"wp-caption-text\">Marc Zaffran<\/p><\/div>\n<p style=\"text-align: justify;\">Il est impossible pour un m\u00e9decin de tout conna\u00eetre, d&rsquo;\u00eatre inform\u00e9 sur la totalit\u00e9 de la litt\u00e9rature m\u00e9dicale et de tout retenir de fa\u00e7on encyclop\u00e9dique. \u00c0 l&rsquo;heure du Web, pourquoi ne pas profiter des connaissances acquises par le patient qui arrive souvent \u00e0 son rendez-vous bien inform\u00e9, bien pr\u00e9par\u00e9? Pourquoi ne pas ouvrir un dialogue avec lui pour faire la part des choses, pour s\u00e9parer avec lui le vrai du faux? Pour r\u00e9fl\u00e9chir ensemble \u00e0 un diagnostic puis \u00e0 un traitement&#8230;<\/p>\n<p style=\"text-align: justify;\">Pourquoi pas en effet?<\/p>\n<p style=\"text-align: justify;\">Lors de cette entrevue, le docteur Zaffran n&rsquo;h\u00e9sitait pas \u00e0 affirmer que le temps du \u00abm\u00e9decin qui sait\u00bb et du \u00abpatient qui se fie\u00bb est r\u00e9volu. Il croit qu&rsquo;il est temps d&rsquo;entreprendre une m\u00e9decine de dialogue o\u00f9 chacun fait profiter l&rsquo;autre de ce qu&rsquo;il a appris, de ce qu&rsquo;il conna\u00eet.<\/p>\n<p>Que se passerait-il si on rempla\u00e7ait maintenant le mot <em>m\u00e9decin<\/em> par le mot <em>enseignant<\/em> et le mot <em>patient<\/em> par le mot <em>\u00e9l\u00e8ve<\/em>?<\/p>\n<p style=\"text-align: justify;\">Sur le plan des connaissances, le syst\u00e8me exige beaucoup de l&rsquo;enseignant, c&rsquo;est connu. Mais, toutes proportions gard\u00e9es, il exige encore plus des \u00e9l\u00e8ves, qui tr\u00e8s souvent sont soumis \u00e0 l&rsquo;\u00e9coute de \u00abcelui qui sait\u00bb, tout cela au nom de la performance, au nom de l&rsquo;accroissement des connaissances. Dans un univers en constante transformation, cette approche exclusive bas\u00e9e sur la transmission de connaissances pr\u00e9sente certains dangers car le savoir de \u00abcelui qui sait\u00bb est parfois d\u00e9pass\u00e9 ou il est sur le point de l&rsquo;\u00eatre. Un enseignement transmissif repose aussi sur la pr\u00e9somption qu&rsquo;un \u00e9l\u00e8ve attentif et s\u00e9rieux va tout saisir en entendant puis en reproduisant. \u00c0 une \u00e9poque o\u00f9 les apprenants sont de plus en plus int\u00e9ress\u00e9s \u00e0 consulter, cr\u00e9er, remixer et partager<sup>3<\/sup>, la simple \u00e9coute risque de leur sembler peu stimulante et elle risque de les mener t\u00f4t ou tard au d\u00e9sengagement, puis au d\u00e9crochage.<\/p>\n<p style=\"text-align: justify;\">Que se passerait-il si chacune des personnes pr\u00e9sentes dans la salle de classe \u00e9tait partie prenante, si chacun pouvait contribuer \u00e0 sa fa\u00e7on, par sa propre expertise \u00e0 la r\u00e9solution d&rsquo;une probl\u00e9matique, avan\u00e7ant ses propres connaissances, sa propre fa\u00e7on d&rsquo;aborder des probl\u00e8mes? \u00c0 quels types de r\u00e9sultats pourrions-nous nous attendre si on favorisait une alliance \u00e9l\u00e8ves-enseignant o\u00f9 la rencontre des expertises constituerait une mosa\u00efque de comp\u00e9tences?<\/p>\n<p style=\"text-align: justify;\">C&rsquo;est \u00e0 la suite de ce questionnement que je me suis souvenu des <a href=\"http:\/\/fr.wikipedia.org\/wiki\/M\u00e9thode_des_six_chapeaux\">six chapeaux de Bono<\/a>.<\/p>\n<p style=\"text-align: justify;\">Cette approche s&rsquo;inspire de la Ma\u00efeutique de Socrate. Elle pr\u00f4ne la mise \u00e0 contribution de chacun des participants en adoptant un r\u00f4le pr\u00e9cis, \u00e0 diff\u00e9rents moments de l&rsquo;apprentissage, chacun des chapeaux \u00e9tant compl\u00e9mentaire aux cinq autres, chacun ayant une valeur unique dans un processus de d\u00e9couverte et d&rsquo;analyse.<\/p>\n<div style=\"text-align: center;\">\n<table style=\"text-align: left; width: 90%; margin-left: auto; margin-right: auto;\" border=\"1\" cellspacing=\"2\" cellpadding=\"2\">\n<tbody>\n<tr>\n<td style=\"vertical-align: top;\"><a href=\"http:\/\/renard.effetdesurprise.qc.ca\/wp-content\/uploads\/2013\/03\/chapeau_blanc.png\"><img decoding=\"async\" loading=\"lazy\" title=\"chapeau_blanc\" src=\"http:\/\/renard.effetdesurprise.qc.ca\/wp-content\/uploads\/2013\/03\/chapeau_blanc.png\" alt=\"\" width=\"63\" height=\"40\" \/><\/a> Le chapeau blanc &#8211;\u00a0La neutralit\u00e9<\/p>\n<p style=\"text-align: justify;\">Le penseur \u00e9nonce des faits purement et simplement. Il est responsable des statistiques et de trouver des sources d&rsquo;informations fiables. Il incarne le rationnel \u00e0 l&rsquo;\u00e9tat pur et dur.<\/p>\n<p><a href=\"http:\/\/renard.effetdesurprise.qc.ca\/wp-content\/uploads\/2013\/03\/chapeau_rouge.png\"><img decoding=\"async\" loading=\"lazy\" title=\"chapeau_rouge\" src=\"http:\/\/renard.effetdesurprise.qc.ca\/wp-content\/uploads\/2013\/03\/chapeau_rouge.png\" alt=\"\" width=\"61\" height=\"51\" \/><\/a>Le chapeau rouge &#8211; La critique \u00e9motionnelle<\/p>\n<p style=\"text-align: justify;\">Le penseur fait part de ses informations teint\u00e9es d\u2019\u00e9motions, de sentiments, d\u2019intuitions et de pressentiments. Il n\u2019a pas \u00e0 se justifier. Il repr\u00e9sente l&rsquo;instant pr\u00e9sent, le feu, la passion et l&rsquo;intuition.<\/p>\n<p><a href=\"http:\/\/renard.effetdesurprise.qc.ca\/wp-content\/uploads\/2013\/03\/chapeau_noir.png\"><img decoding=\"async\" loading=\"lazy\" title=\"chapeau_noir\" src=\"http:\/\/renard.effetdesurprise.qc.ca\/wp-content\/uploads\/2013\/03\/chapeau_noir.png\" alt=\"\" width=\"61\" height=\"50\" \/><\/a>Le chapeau noir &#8211; La critique n\u00e9gative<\/p>\n<p style=\"text-align: justify;\">Le penseur fait des objections en soulignant les dangers et risques qui attendent la concr\u00e9tisation de l\u2019id\u00e9e. Il se fait l\u2019avocat du diable mais il incarne \u00e9galement la prudence.<\/p>\n<p><a href=\"http:\/\/renard.effetdesurprise.qc.ca\/wp-content\/uploads\/2013\/03\/chapeau_jaune.png\"><img decoding=\"async\" loading=\"lazy\" title=\"chapeau_jaune\" src=\"http:\/\/renard.effetdesurprise.qc.ca\/wp-content\/uploads\/2013\/03\/chapeau_jaune.png\" alt=\"\" width=\"61\" height=\"47\" \/><\/a>Le chapeau jaune &#8211; La critique positive<\/p>\n<p style=\"text-align: justify;\">Le penseur fait part de ses r\u00eaves et de ses id\u00e9es les plus folles. Ses commentaires sont constructifs et tentent de mettre en action les id\u00e9es sugg\u00e9r\u00e9es par les autres membres du groupe.<\/p>\n<p><a href=\"http:\/\/renard.effetdesurprise.qc.ca\/wp-content\/uploads\/2013\/03\/chapeau_vert.png\"><img decoding=\"async\" loading=\"lazy\" title=\"chapeau_vert\" src=\"http:\/\/renard.effetdesurprise.qc.ca\/wp-content\/uploads\/2013\/03\/chapeau_vert.png\" alt=\"\" width=\"65\" height=\"49\" \/><\/a>Le chapeau vert &#8211; La cr\u00e9ativit\u00e9<\/p>\n<p style=\"text-align: justify;\">Le penseur cherche \u00e0 provoquer, il recherche des solutions de rechange. Il s\u2019inspire de la pens\u00e9e lat\u00e9rale, d\u2019une fa\u00e7on diff\u00e9rente de consid\u00e9rer un probl\u00e8me. Il sort des sentiers battus et propose des id\u00e9es neuves.<\/p>\n<p><a href=\"http:\/\/renard.effetdesurprise.qc.ca\/wp-content\/uploads\/2013\/03\/chapeau_bleu.png\"><img decoding=\"async\" loading=\"lazy\" title=\"chapeau_bleu\" src=\"http:\/\/renard.effetdesurprise.qc.ca\/wp-content\/uploads\/2013\/03\/chapeau_bleu.png\" alt=\"\" width=\"59\" height=\"50\" \/><\/a>Le chapeau bleu &#8211; L&rsquo;organisation<\/p>\n<p style=\"text-align: justify;\">C\u2019est le meneur de jeu, l\u2019animateur de la r\u00e9union qui canalise les id\u00e9es et les \u00e9changes avec les autres.<\/p>\n<div style=\"text-align: right;\"><small>Adaptation de \u00a0<em><a href=\"http:\/\/fr.wikipedia.org\/wiki\/M\u00e9thode_des_six_chapeaux\" target=\"_blank\" rel=\"noopener\">M\u00e9thode\u00a0des six chapeaux<\/a><\/em> dans Wikipedia<\/small><\/div>\n<\/td>\n<\/tr>\n<\/tbody>\n<\/table>\n<p style=\"text-align: justify;\"><span style=\"text-align: justify;\">En classe, il est sans doute pr\u00e9f\u00e9rable de permettre aux \u00e9l\u00e8ves de porter le chapeau qui leur convient, celui avec lequel ils s&rsquo;identifient le mieux. Leur demander d&rsquo;essayer tous les chapeaux \u00e0 tour de r\u00f4le, tel que le proposait De Bono, pour stimuler \u00a0leur cr\u00e9ativit\u00e9, pourrait \u00e0 mon avis \u00eatre moins rentable en contexte de recherche et de traitement de l&rsquo;information. <\/span>C&rsquo;est pourquoi je crois qu&rsquo;il pourrait \u00eatre int\u00e9ressant et profitable de laisser les \u00e9l\u00e8ves identifier eux-m\u00eames leur chapeau dominant (et exp\u00e9rimenter avec d&rsquo;autres chapeaux qui pourraient aussi leur convenir). L&rsquo;enseignant devrait conna\u00eetre et aussi reconna\u00eetre la couleur dominante du chapeau de chacun de ses \u00e9l\u00e8ves.<\/p>\n<p style=\"text-align: justify;\"><span style=\"text-align: justify;\">Une fois cette \u00e9tape franchie, il y a, je crois, deux pistes qui auraient un potentiel p\u00e9dagogique int\u00e9ressant dans un cadre de recherche et de traitement de l&rsquo;information.<\/span><\/p>\n<p style=\"text-align: justify;\"><strong><span style=\"text-align: justify;\">Premi\u00e8re piste<\/span><\/strong><\/p>\n<\/div>\n<p style=\"text-align: justify;\">Une t\u00e2che est propos\u00e9e et des \u00e9quipes constitu\u00e9es par un ensemble de participants portant la m\u00eame couleur de chapeau sont constitu\u00e9es pour la r\u00e9aliser. Par la suite, en grand groupe, le travail de chaque \u00e9quipe pourrait \u00eatre d\u00e9cortiqu\u00e9 afin d&rsquo;en faire ressortir les points forts et surtout ses limites.<\/p>\n<p style=\"text-align: justify;\"><strong>Deuxi\u00e8me piste<\/strong><\/p>\n<p style=\"text-align: justify;\">De nouvelles \u00e9quipes sont constitu\u00e9es mais cette fois, ce sont des \u00e9quipes de six \u00e9l\u00e8ves \u00abmulti-couleurs\u00bb. Une t\u00e2che similaire \u00e0 la premi\u00e8re est donn\u00e9e et, une fois le travail accompli, une analyse est faite afin de comprendre les effets de la compl\u00e9mentarit\u00e9.<\/p>\n<p style=\"text-align: justify;\"><a href=\"http:\/\/renard.effetdesurprise.qc.ca\/wp-content\/uploads\/2013\/03\/doute.jpeg\"><img decoding=\"async\" loading=\"lazy\" class=\"alignright size-full wp-image-1125\" title=\"doute\" src=\"http:\/\/renard.effetdesurprise.qc.ca\/wp-content\/uploads\/2013\/03\/doute.jpeg\" alt=\"\" width=\"200\" height=\"224\" \/><\/a>Dans les deux cas, on n&rsquo;\u00e9volue plus dans une culture de la r\u00e9ponse toute faite donn\u00e9e par la personne qui SAIT et o\u00f9 les autres subissent LA r\u00e9ponse. On \u00e9volue dans un espace p\u00e9dagogique de nature syst\u00e9mique o\u00f9 l&rsquo;expertise et l&rsquo;engagement de chacun sont importants pour r\u00e9soudre puis comprendre une situation complexe. Cet espace risque \u00e0 mon sens d&rsquo;\u00eatre beaucoup plus int\u00e9ressant puisqu&rsquo;il d\u00e9finit un lieu d&rsquo;apprentissage appropri\u00e9 au XXI<sup>e<\/sup> si\u00e8cle. De plus, cette fa\u00e7on de faire permet d&rsquo;apprendre \u00e0 g\u00e9rer l&rsquo;incertitude et le doute qui sont deux aptitudes essentielles dans un univers en \u00e9volution constante.<\/p>\n<p style=\"text-align: justify;\">Les connaissances sont co-construites, l&rsquo;angoisse de ne pas savoir est remplac\u00e9e par la prise d&rsquo;initiatives puis, progressivement, par la confiance en soi, envers ses pairs et envers l&rsquo;enseignant. On parvient ainsi \u00e0 la circulation des savoirs et \u00e0 l&rsquo;activation des expertises plut\u00f4t qu&rsquo;\u00e0 leur transmission unilat\u00e9rale sur une base hi\u00e9rarchique.<\/p>\n<p style=\"text-align: justify;\">Cette posture me para\u00eet tout \u00e0 fait indiqu\u00e9e pour d\u00e9velopper la comp\u00e9tence informationnelle, voire m\u00eame une culture compl\u00e8te de la <a href=\"http:\/\/fr.wikipedia.org\/wiki\/Litt\u00e9ratie\" target=\"_blank\" rel=\"noopener\">litt\u00e9ratie<\/a> car cette derni\u00e8re vise pr\u00e9cis\u00e9ment \u00e0 ce que les \u00e9l\u00e8ves parviennent \u00e0\u00a0une r\u00e9flexion sur les processus de traitement, de diffusion et de circulation des informations de tous types.<\/p>\n<p style=\"text-align: justify;\">Le focus est dor\u00e9navant plac\u00e9 sur la fa\u00e7on de traiter les contenus pour mieux les cerner. Il est devenu n\u00e9cessaire d&rsquo;apprendre aux \u00e9l\u00e8ves \u00e0 douter et \u00e0 remettre en question l&rsquo;information qui leur est offerte pour collectivement trouver des r\u00e9ponses satisfaisantes.<\/p>\n<p style=\"text-align: justify;\">Si la m\u00e9decine est rendue l\u00e0, pourquoi ne pourrait-on pas\u00a0y parvenir dans le domaine de \u00a0la p\u00e9dagogie?<\/p>\n<h5 style=\"text-align: justify;\">Bibliographie<\/h5>\n<h5><a href=\"http:\/\/www.pewinternet.org\/experts\/Amanda-Lenhart.aspx?typeFilter=0\" target=\"_blank\" rel=\"noopener\">LENHARD, Amanda<\/a>,\u00a0<em><a href=\"http:\/\/www.pewinternet.org\/~\/media\/Files\/Reports\/2007\/PIP_Teens_Social_Media_Final.pdf.pdf\" target=\"_blank\" rel=\"noopener\">Teens and Social Media<\/a><\/em>, Pew Internet, 2007<\/h5>\n<h5>MINIST\u00c8RE DE L\u2019\u00c9DUCATION, DU LOISIR ET DU SPORT et FONDS DE RECHERCHE DU QU\u00c9B\u00c9C \u2013 SOCI\u00c9T\u00c9 ET CULTURE (2007). \u00ab <a href=\"http:\/\/www.mels.gouv.qc.ca\/stat\/recherche\/doc07\/prprs\/prprsFiche11.pdf\" target=\"_blank\" rel=\"noopener\">L\u2019illusion d\u2019incomp\u00e9tence : un biais n\u00e9gatif lourd en cons\u00e9quences <\/a>\u00bb, R\u00e9sultats de recherche, La pers\u00e9v\u00e9rance et la r\u00e9ussite scolaires, fiche n\u00b0 11.<\/h5>\n<h5><a href=\"http:\/\/fr.wikipedia.org\/wiki\/Daniel_Pennac\" target=\"_blank\" rel=\"noopener\">PENNAC, Daniel<\/a>, <a href=\"http:\/\/www.lexpress.fr\/culture\/livre\/daniel-pennac-une-lecon-d-ignorance_1236766.html\" target=\"_blank\" rel=\"noopener\"><em>Daniel Pennac : <\/em>\u00ab<em>Une le\u00e7on d&rsquo;ignorance\u00bb<\/em><\/a> publi\u00e9 sur le site Culture L&rsquo;Express, avril 2013<\/h5>\n<h5 style=\"text-align: justify;\">__________<\/h5>\n<h5 style=\"text-align: justify;\">1. CORDIER, Anne, <em><a href=\"http:\/\/www.google.ca\/url?sa=t&amp;rct=j&amp;q=&amp;esrc=s&amp;source=web&amp;cd=2&amp;cad=rja&amp;ved=0CDoQFjAB&amp;url=http%3A%2F%2Fhalshs.archives-ouvertes.fr%2Fdocs%2F00%2F80%2F30%2F91%2FPDF%2FCORDIER_Et_si_on_enseignait_l_incertitude.pdf&amp;ei=VmBYUcelNuL40gHunICACQ&amp;usg=AFQjCNH0Qu15YJuVMmsmjaCzBULxNQBN1w&amp;sig2=iIS03fT8ED5jsrAlcPvcvg&amp;bvm=bv.44442042,d.dmQ\" target=\"_blank\" rel=\"noopener\">Et si on enseignait l\u2019incertitude pour construire une culture de l\u2019information ?<\/a> <\/em>publi\u00e9 dans \u00ab\u00a0Dans Actes du Colloque COSSI, \u00ab\u00a0Information, Incertitudes, Intelligences\u00a0\u00bb &#8211; Colloque Sp\u00e9cialis\u00e9 en Sciences de l&rsquo;Information COSSI, France (2012)<\/h5>\n<h5>2.\u00a0Le docteur Zaffran est aussi\u00a0connu sous le pseudonyme de\u00a0<a href=\"http:\/\/martinwinckler.com\/rubrique.php3?id_rubrique=28\" target=\"_blank\" rel=\"noopener\">Martin Winckler en litt\u00e9rature<\/a>.<\/h5>\n<h5>3. LENHARD, Amanda,\u00a0Mary Madden,\u00a0<em><a href=\"http:\/\/www.pewinternet.org\/Reports\/2005\/Teen-Content-Creators-and-Consumers.aspx\" target=\"_blank\" rel=\"noopener\">Teen, Content Creators and Consumers<\/a><\/em>, Pew Internet<\/h5>\n","protected":false},"excerpt":{"rendered":"<p>\u00ab&#8230;\u00a0la cl\u00e9 de vo\u00fbte devrait \u00eatre l\u2019incertitude, vue comme un principe d\u2019ordonnancement des pratiques p\u00e9dagogiques visant \u00e0 donner des cl\u00e9s de compr\u00e9hension et d\u2019action pour mener une recherche d\u2019information dans un environnement complexe.\u00bb1 Anne Cordier Il y a quelques jours, &hellip; <a href=\"https:\/\/renard.effetdesurprise.qc.ca\/?p=1089\">Continuer la lecture <span class=\"meta-nav\">&rarr;<\/span><\/a><\/p>\n","protected":false},"author":2,"featured_media":0,"comment_status":"open","ping_status":"open","sticky":false,"template":"","format":"standard","meta":{"jetpack_post_was_ever_published":false,"_jetpack_newsletter_access":"","jetpack_publicize_message":"","jetpack_is_tweetstorm":false,"jetpack_publicize_feature_enabled":true,"jetpack_social_post_already_shared":false,"jetpack_social_options":{"image_generator_settings":{"template":"highway","enabled":false}}},"categories":[4],"tags":[],"jetpack_publicize_connections":[],"jetpack_featured_media_url":"","jetpack_sharing_enabled":true,"jetpack_shortlink":"https:\/\/wp.me\/p979Qg-hz","_links":{"self":[{"href":"https:\/\/renard.effetdesurprise.qc.ca\/index.php?rest_route=\/wp\/v2\/posts\/1089"}],"collection":[{"href":"https:\/\/renard.effetdesurprise.qc.ca\/index.php?rest_route=\/wp\/v2\/posts"}],"about":[{"href":"https:\/\/renard.effetdesurprise.qc.ca\/index.php?rest_route=\/wp\/v2\/types\/post"}],"author":[{"embeddable":true,"href":"https:\/\/renard.effetdesurprise.qc.ca\/index.php?rest_route=\/wp\/v2\/users\/2"}],"replies":[{"embeddable":true,"href":"https:\/\/renard.effetdesurprise.qc.ca\/index.php?rest_route=%2Fwp%2Fv2%2Fcomments&post=1089"}],"version-history":[{"count":63,"href":"https:\/\/renard.effetdesurprise.qc.ca\/index.php?rest_route=\/wp\/v2\/posts\/1089\/revisions"}],"predecessor-version":[{"id":1572,"href":"https:\/\/renard.effetdesurprise.qc.ca\/index.php?rest_route=\/wp\/v2\/posts\/1089\/revisions\/1572"}],"wp:attachment":[{"href":"https:\/\/renard.effetdesurprise.qc.ca\/index.php?rest_route=%2Fwp%2Fv2%2Fmedia&parent=1089"}],"wp:term":[{"taxonomy":"category","embeddable":true,"href":"https:\/\/renard.effetdesurprise.qc.ca\/index.php?rest_route=%2Fwp%2Fv2%2Fcategories&post=1089"},{"taxonomy":"post_tag","embeddable":true,"href":"https:\/\/renard.effetdesurprise.qc.ca\/index.php?rest_route=%2Fwp%2Fv2%2Ftags&post=1089"}],"curies":[{"name":"wp","href":"https:\/\/api.w.org\/{rel}","templated":true}]}}